{"id":4648,"date":"2023-03-01T09:00:00","date_gmt":"2023-03-01T08:00:00","guid":{"rendered":"https:\/\/news.io-eko.com\/?p=4648"},"modified":"2023-03-02T13:45:48","modified_gmt":"2023-03-02T12:45:48","slug":"272727","status":"publish","type":"post","link":"https:\/\/news.io-eko.com\/index.php\/2023\/03\/01\/272727\/","title":{"rendered":"Premi\u00e8re mondiale,  IO-ISLAND se d\u00e9ploie sur la perle du Pacifique | BORA BORA"},"content":{"rendered":"\n<p class=\"is-cnvs-dropcap-bordered\"><\/p>\n\n\n\n<!--more-->\n\n\n\n<blockquote class=\"wp-block-quote is-layout-flow wp-block-quote-is-layout-flow\">\n<h3 id=\"io-eko-sassocie-a-archethic-technologies-pour-creer-un-ecosysteme-responsable-visant-a-reconcilier-lhumain-avec-la-nature\" class=\"alignwide wp-block-heading\">IO-EKO s&#8217;associe \u00e0 ARCHETHIC TECHNOLOGIES pour cr\u00e9er un \u00e9cosyst\u00e8me responsable visant \u00e0 r\u00e9concilier l\u2019humain avec la nature.<\/h3>\n<\/blockquote>\n\n\n\n<h3 id=\"io-island-un-projet-ambitieux-visant-a-creer-un-ecosysteme-technologique-innovant-pour-proteger-les-iles-bora-bora-est-la-premiere-ile-a-beneficier-de-cette-vision-prometteuse\" class=\"wp-block-heading\"><a rel=\"noreferrer noopener\" href=\"https:\/\/io-island.com\" target=\"_blank\">IO-ISLAND<\/a> : un projet ambitieux visant \u00e0 cr\u00e9er un \u00e9cosyst\u00e8me technologique innovant pour prot\u00e9ger les \u00eeles. Bora Bora est la premi\u00e8re \u00eele \u00e0 b\u00e9n\u00e9ficier de cette vision prometteuse.<\/h3>\n\n\n\n<p class=\"has-text-align-left\"><br>Le premier volet de cet ambitieux projet, d\u00e9velopp\u00e9 par l&#8217;entrepreneur fran\u00e7ais Yann VALLET, est de tirer le meilleur de la technologie pour cr\u00e9er un \u00e9cosyst\u00e8me permettant de d\u00e9couvrir et de profiter des beaut\u00e9s de cette \u00eele, tout en respectant l&#8217;environnement.<\/p>\n\n\n\n<p class=\"has-text-align-left\"><br>Ce paradis, nich\u00e9 au c\u0153ur de la Polyn\u00e9sie fran\u00e7aise, sous l&#8217;impulsion de son maire <strong>Gaston TONG SANG<\/strong>, visionnaire et conscient depuis toujours de la n\u00e9cessit\u00e9 de pr\u00e9server les \u00e9cosyst\u00e8mes naturels de son \u00eele, b\u00e9n\u00e9ficiera d\u2019un jumeau num\u00e9rique afin de suivre en temps r\u00e9el la sant\u00e9 \u00e9cologique de l\u2019\u00eele.<br><br>En associant la technologie blockchain, cette initiative novatrice offrira \u00e9galement aux touristes la possibilit\u00e9 de calculer et de gommer leur empreinte carbone, contribuant ainsi \u00e0 la protection de l&#8217;environnement tout en sensibilisant le public \u00e0 la durabilit\u00e9. La plateforme IO-ISLAND permettra aussi \u00e0 Bora Bora d\u2019exp\u00e9rimenter les nouveaux outils du web3, tels que NFT et exp\u00e9riences digitales au travers du METAVERSE, prolongement naturel pour IO-EKO.<br><br><strong>Cette d\u00e9marche s&#8217;inscrit dans une volont\u00e9 plus large de faire de Bora Bora une \u00eele r\u00e9solument moderne, utilisant la technologie pour pr\u00e9server l&#8217;environnement.<\/strong><\/p>\n\n\n\n<p class=\"has-text-align-justify\"><\/p>\n\n\n\n<blockquote class=\"wp-block-quote is-layout-flow wp-block-quote-is-layout-flow\">\n<h3 id=\"gaston-tong-sang-maire-de-bora-bora-commente\" class=\"wp-block-heading\"><strong>Gaston TONG SANG, maire de Bora Bora commente <\/strong><\/h3>\n\n\n<div class=\"wp-block-image\">\n<figure class=\"aligncenter size-full is-resized\"><a href=\"https:\/\/www.borabora.pf\/\" target=\"_blank\" rel=\"noreferrer noopener\"><img  loading=\"lazy\"  decoding=\"async\"  src=\"data:image\/png;base64,iVBORw0KGgoAAAANSUhEUgAAAAEAAAABAQMAAAAl21bKAAAAA1BMVEUAAP+KeNJXAAAAAXRSTlMAQObYZgAAAAlwSFlzAAAOxAAADsQBlSsOGwAAAApJREFUCNdjYAAAAAIAAeIhvDMAAAAASUVORK5CYII=\"  alt=\"\"  class=\"wp-image-4653 pk-lazyload\"  width=\"300\"  height=\"375\"  data-pk-sizes=\"auto\"  data-ls-sizes=\"auto, (max-width: 300px) 100vw, 300px\"  data-pk-src=\"https:\/\/news.io-eko.com\/wp-content\/uploads\/2023\/02\/bora_boraTavana.jpg\"  data-pk-srcset=\"https:\/\/news.io-eko.com\/wp-content\/uploads\/2023\/02\/bora_boraTavana.jpg 600w, https:\/\/news.io-eko.com\/wp-content\/uploads\/2023\/02\/bora_boraTavana-240x300.jpg 240w, https:\/\/news.io-eko.com\/wp-content\/uploads\/2023\/02\/bora_boraTavana-380x475.jpg 380w, https:\/\/news.io-eko.com\/wp-content\/uploads\/2023\/02\/bora_boraTavana-480x600.jpg 480w\" ><\/a><figcaption class=\"wp-element-caption\">Gaston TONG SANG | Tavana de Bora Bora<\/figcaption><\/figure>\n<\/div>\n\n\n<h4 id=\"bora-bora-est-un-paradis-pour-les-hommes-et-la-biodiversite-il-est-de-notre-responsabilite-de-tout-faire-pour-proteger-notre-perle-du-pacifique-sud-nous-avons-inscrit-bora-bora-dans-un-processus-de-d\" class=\"wp-block-heading\"><a rel=\"noreferrer noopener\" href=\"https:\/\/www.borabora.pf\/\" target=\"_blank\">Bora Bora <\/a>est un paradis pour les hommes et la biodiversit\u00e9, il est de notre responsabilit\u00e9 de tout faire pour prot\u00e9ger notre perle du Pacifique sud.<br><br>Nous avons inscrit Bora Bora dans un processus de d\u00e9veloppement durable d\u00e8s 1989, soit 34 ans cette ann\u00e9e ! Concr\u00e8tement, le Pavillon Bleu, label de qualit\u00e9 environnementale par excellence, vogue sur les sites de baignade de l\u2019\u00eele depuis l\u2019an 2000 sans interruption. <br>La Marianne d\u2019Or avait \u00e9t\u00e9 attribu\u00e9 d\u00e9j\u00e0 en 2007 pour r\u00e9compenser la commune pour son action dans la protection de l\u2019environnement.<br>Pour pr\u00e9server et valoriser le lagon unique de Bora Bora, nous r\u00e9glementons la navigation et la circulation dans les eaux int\u00e9rieures.<br><br>Un autre projet pilote unique au monde en partenariat avec le <a rel=\"noreferrer noopener\" href=\"https:\/\/www.criobe.pf\/\" data-type=\"URL\" data-id=\"https:\/\/www.criobe.pf\/\" target=\"_blank\">CRIOBE <\/a>vise \u00e0 effectuer une surveillance qualitative et acoustique du lagon.<br>Nous travaillons avec d\u2019autres partenaires sur la gestion et la protection des espaces lagunaires : il s\u2019agit de g\u00e9rer la fr\u00e9quentation des zones les plus utilis\u00e9es afin de pr\u00e9server l\u2019environnement et assurer la s\u00e9curit\u00e9 des usagers, dans un but de d\u00e9veloppement durable et \u00e9coresponsable.  <br><br>Ing\u00e9nieur de formation, j\u2019ai toujours \u00e9t\u00e9 attir\u00e9 par l\u2019innovation, je suis donc naturellement heureux que les nouvelles technologies puissent nous aider dans la pr\u00e9servation de notre patrimoine.<br><br><br>Toutes ces distinctions n\u2019ont toujours \u00e9t\u00e9 qu\u2019un encouragement \u00e0 poursuivre davantage et collectivement les efforts pour une meilleure qualit\u00e9 de vie, aujourd\u2019hui et pour les g\u00e9n\u00e9rations suivantes. Nous faisons tout pour que Bora-Bora soit toujours une \u00eele \u00ab eco-friendly \u00bb.<\/h4>\n<\/blockquote>\n\n\n\n<hr class=\"wp-block-separator has-alpha-channel-opacity is-style-wide\"\/>\n\n\n\n<h3 id=\"io-vanille-la-blockchain-au-service-de-lagriculture-responsable-focus-sur-la-filiere-vanille\" class=\"wp-block-heading\">IO-VANILLE : La blockchain au service de l&#8217;agriculture responsable | Focus sur la fili\u00e8re vanille.<\/h3>\n\n\n\n<figure class=\"wp-block-image size-full\"><a href=\"https:\/\/vanillart.store\" target=\"_blank\" rel=\"noreferrer noopener\"><img  loading=\"lazy\"  decoding=\"async\"  width=\"834\"  height=\"372\"  src=\"data:image\/png;base64,iVBORw0KGgoAAAANSUhEUgAAAAEAAAABAQMAAAAl21bKAAAAA1BMVEUAAP+KeNJXAAAAAXRSTlMAQObYZgAAAAlwSFlzAAAOxAAADsQBlSsOGwAAAApJREFUCNdjYAAAAAIAAeIhvDMAAAAASUVORK5CYII=\"  alt=\"\"  class=\"wp-image-4710 pk-lazyload\"  data-pk-sizes=\"auto\"  data-ls-sizes=\"auto, (max-width: 834px) 100vw, 834px\"  data-pk-src=\"https:\/\/news.io-eko.com\/wp-content\/uploads\/2023\/03\/Partenariat-IOekoVanillart.png\"  data-pk-srcset=\"https:\/\/news.io-eko.com\/wp-content\/uploads\/2023\/03\/Partenariat-IOekoVanillart.png 834w, https:\/\/news.io-eko.com\/wp-content\/uploads\/2023\/03\/Partenariat-IOekoVanillart-300x134.png 300w, https:\/\/news.io-eko.com\/wp-content\/uploads\/2023\/03\/Partenariat-IOekoVanillart-768x343.png 768w, https:\/\/news.io-eko.com\/wp-content\/uploads\/2023\/03\/Partenariat-IOekoVanillart-380x169.png 380w, https:\/\/news.io-eko.com\/wp-content\/uploads\/2023\/03\/Partenariat-IOekoVanillart-800x357.png 800w, https:\/\/news.io-eko.com\/wp-content\/uploads\/2023\/03\/Partenariat-IOekoVanillart-760x339.png 760w, https:\/\/news.io-eko.com\/wp-content\/uploads\/2023\/03\/Partenariat-IOekoVanillart-600x268.png 600w\" ><\/a><\/figure>\n\n\n\n<p>Le deuxi\u00e8me volet de cet ambitieux projet est l&#8217;utilisation de la blockchain pour<br>soutenir la fili\u00e8re de la vanille, notamment <strong>sur les \u00eeles de Maurice et Madagascar.<\/strong><br><br>Cette culture est en effet menac\u00e9e par les changements climatiques, mais elle est \u00e9galement sujette \u00e0 la contrefa\u00e7on. La blockchain qui sera mise en place par<br>IO-EKO a pour objectif d&#8217;apporter des solutions concr\u00e8tes \u00e0 ces probl\u00e8mes,<br>notamment en permettant une meilleure tra\u00e7abilit\u00e9 de la production, mais aussi en<br>utilisant des smart contracts en vue de sa protection et de lutte contre la fraude.<br><br>En effet, la blockchain permet d&#8217;imaginer des syst\u00e8mes d&#8217;alertes automatiques pour prot\u00e9ger les plants d&#8217;une temp\u00eate \u00e0 venir, ou encore un syst\u00e8me d&#8217;assurance automatis\u00e9 qui permettra d\u2019indemniser plus rapidement les producteurs apr\u00e8s une \u00e9ventuelle catastrophe.<\/p>\n\n\n\n<p>Par ailleurs, l&#8217;objectif d&#8217;IO-EKO est de soutenir le syst\u00e8me de production pour promouvoir un environnement \u00e9quitable, o\u00f9 les producteurs seront r\u00e9mun\u00e9r\u00e9s de mani\u00e8re juste lors de la vente de leurs produits.<br><br>Nous sommes fiers d&#8217;exp\u00e9rimenter IO-VANILLE aux c\u00f4t\u00e9s de Dharam et Dhareena. V\u00e9ritables orf\u00e8vres de cette \u00e9pice rare, nous contribuons \u00e0 s\u00e9curiser les processus qualit\u00e9 et mettre en valeur leur m\u00e9tier de vanilliculteur.<\/p>\n\n\n\n<p>Cette approche novatrice montre que la technologie peut contribuer \u00e0 l&#8217;agriculture responsable et \u00e0 la protection de l&#8217;environnement. <\/p>\n\n\n\n<h3 id=\"un-partenariat-naturel-avec-archethic-technologies-un-acteur-resolument-ethique-et-responsable-engage-dans-lecosysteme-blockchain\" class=\"wp-block-heading\">Un partenariat naturel avec ARCHETHIC TECHNOLOGIES, un acteur r\u00e9solument \u00e9thique et responsable engag\u00e9 dans l&#8217;\u00e9cosyst\u00e8me blockchain.<\/h3>\n\n\n\n<figure class=\"wp-block-image size-full is-style-default\"><a href=\"https:\/\/archethic.net\/\" target=\"_blank\" rel=\"noreferrer noopener\"><img  decoding=\"async\"  src=\"data:image\/png;base64,iVBORw0KGgoAAAANSUhEUgAAAAEAAAABAQMAAAAl21bKAAAAA1BMVEUAAP+KeNJXAAAAAXRSTlMAQObYZgAAAAlwSFlzAAAOxAAADsQBlSsOGwAAAApJREFUCNdjYAAAAAIAAeIhvDMAAAAASUVORK5CYII=\"  alt=\"\"  class=\"wp-image-4707 pk-lazyload\"  data-pk-sizes=\"auto\"  data-pk-src=\"https:\/\/news.io-eko.com\/wp-content\/uploads\/2023\/03\/ArchethicPublicBlockchain-Gradient.svg\" ><\/a><\/figure>\n\n\n\n<p>Conscient de l&#8217;ambition de son projet, Yann VALLET a souhait\u00e9 travailler d\u00e8s le lancement de son projet avec des partenaires technologiques de confiance.<br><br>Il a donc d\u00e9cid\u00e9 de collaborer \u00e9troitement avec <strong><a rel=\"noreferrer noopener\" href=\"https:\/\/archethic.net\/\" data-type=\"URL\" data-id=\"https:\/\/archethic.net\/\" target=\"_blank\">ARCHETHIC TECHNOLOGIES<\/a><\/strong> pour faire de sa vision une r\u00e9alit\u00e9.<br><br>La blockchain Archethic est bas\u00e9e sur 4 ans de recherche et 11 brevets internationaux. Archethic est une blockchain publique open-source con\u00e7ue pour \u00eatre \u00e0 la fois plus rapide que l&#8217;offre actuelle, mais aussi pour avoir une consommation \u00e9nerg\u00e9tique adapt\u00e9e aux projets li\u00e9s \u00e0 l\u2019environnement.<\/p>\n\n\n\n<h3 id=\"un-partenariat-de-proximite-avec-keinata\" class=\"wp-block-heading\">Un partenariat de proximit\u00e9 avec KEINATA<\/h3>\n\n\n<div class=\"wp-block-image\">\n<figure class=\"aligncenter size-full\"><img  loading=\"lazy\"  decoding=\"async\"  width=\"225\"  height=\"200\"  src=\"data:image\/png;base64,iVBORw0KGgoAAAANSUhEUgAAAOEAAADIAQMAAAAk3hTHAAAAA1BMVEUAAP+KeNJXAAAAAXRSTlMAQObYZgAAAAlwSFlzAAAOxAAADsQBlSsOGwAAAB1JREFUWMPtwTEBAAAAwqD1T20IX6AAAAAAAIDXABdwAAGyNKZWAAAAAElFTkSuQmCC\"  alt=\"\"  class=\"wp-image-4743 pk-lazyload\"  data-pk-sizes=\"auto\"  data-pk-src=\"https:\/\/news.io-eko.com\/wp-content\/uploads\/2023\/03\/Image2.png\" ><figcaption class=\"wp-element-caption\"><strong>Accompagner les organisations vers une performance durable et responsable gr\u00e2ce \u00e0 l&#8217;innovation manag\u00e9riale<\/strong><\/figcaption><\/figure>\n<\/div>\n\n\n<blockquote class=\"wp-block-quote is-layout-flow wp-block-quote-is-layout-flow\">\n<h3 id=\"patrick-yrondi-directeur-de-keinata-commente\" class=\"wp-block-heading\">Patrick Yrondi, Directeur de Keinata commente<\/h3>\n<\/blockquote>\n\n\n\n<p><em>Notre mission est de co-construire <\/em><em>la transformation (<\/em><em>l\u2019\u00e9volutio<\/em><em>n)<\/em><em> des organisations pour qu\u2019elles deviennent plus <\/em><em>innovantes, engag\u00e9es, <\/em><em>agiles, innovantes<\/em><em> pour plus de performances et de bien \u00eatre<\/em><em> dans un monde en constante \u00e9volution.<\/em><em> Notre vocation est d\u2019accompagner l\u2019innovation manag\u00e9riale et de d\u00e9velopper l\u2019intelligence collective pour plus de valeur.<\/em><em><\/em><\/p>\n\n\n\n<p><em>Notre mission en tant que facilitateur est de permettre aux acteurs internes et les parties prenantes de \u00ab penser ensemble pour agir et r\u00e9ussir ensemble\u00bb.<\/em><\/p>\n\n\n\n<p><em>Accompagner les transitions et les transformations est dans notre ADN\u2026<\/em>&#8220;<\/p>\n\n\n\n<p>KEINATA propose un pilotage de la transformation manag\u00e9riale, organisationnelle et humaine. Tout projet ambitieux et\/ou novateur, \u00e0 fort impact positif sur les communaut\u00e9s, suscite des inqui\u00e9tudes, provoque des r\u00e9sistances qu\u2019il convient de prendre en compte pour d\u00e9ployer dans les meilleures conditions le projet.<\/p>\n\n\n\n<p>Notre approche repose sur les bases de l\u2019\u00e9cole syst\u00e9mique et comportementale de Palo Alto. A une approche de causalit\u00e9 lin\u00e9aire, nous pr\u00e9f\u00e9rons celle qui nous permet d\u2019int\u00e9grer la complexit\u00e9 naturelle des choses et des personnes, d\u2019apporter une autre perception de la r\u00e9alit\u00e9.<\/p>\n\n\n\n<p>Nous agissons sur les 5 points d\u2019appui suivants : les <strong>syst\u00e8mes<\/strong>, les <strong>\u00e9quipes<\/strong>, les <strong>r\u00e9seaux<\/strong>, les <strong>processus<\/strong> et les <strong>technologies<\/strong> (avec notre partenaire IO-EKO).<\/p>\n\n\n\n<p>Nos principaux domaines d\u2019interventions&nbsp;:<\/p>\n\n\n\n<ul class=\"wp-block-list\">\n<li>Partager et d\u00e9ployer la vision strat\u00e9gique et les actions op\u00e9rationnelles<\/li>\n\n\n\n<li>D\u00e9tecter les gisements de performances op\u00e9rationnelles<\/li>\n\n\n\n<li>Am\u00e9liorer les pratiques du management et de la gouvernance<\/li>\n\n\n\n<li>Renforcer et am\u00e9liorer la Performance de la fonction RH<\/li>\n\n\n\n<li>\u00c9valuer et d\u00e9velopper les softs skills<\/li>\n<\/ul>\n\n\n\n<p>Nous proposons des transformations durables (\u00e9conomiques, sociales, environnementales) et d\u00e9veloppons la Performance &amp; le Bien \u00eatre par la <strong>Confiance<\/strong>, les <strong>Comp\u00e9tences<\/strong>, et l\u2019<strong>Enthousiasme<\/strong>.<\/p>\n\n\n\n<h3 id=\"yann-vallet-fondateur-de-io-eko-ajoute\" class=\"wp-block-heading\">Yann VALLET, fondateur de IO-EKO ajoute <\/h3>\n\n\n\n<figure class=\"wp-block-image size-full is-resized\"><img  loading=\"lazy\"  decoding=\"async\"  src=\"data:image\/png;base64,iVBORw0KGgoAAAANSUhEUgAAAAEAAAABAQMAAAAl21bKAAAAA1BMVEUAAP+KeNJXAAAAAXRSTlMAQObYZgAAAAlwSFlzAAAOxAAADsQBlSsOGwAAAApJREFUCNdjYAAAAAIAAeIhvDMAAAAASUVORK5CYII=\"  alt=\"\"  class=\"wp-image-4718 pk-lazyload\"  width=\"123\"  height=\"144\"  data-pk-sizes=\"auto\"  data-ls-sizes=\"auto, (max-width: 123px) 100vw, 123px\"  data-pk-src=\"https:\/\/news.io-eko.com\/wp-content\/uploads\/2023\/03\/YannVallet2-1.jpg\"  data-pk-srcset=\"https:\/\/news.io-eko.com\/wp-content\/uploads\/2023\/03\/YannVallet2-1.jpg 275w, https:\/\/news.io-eko.com\/wp-content\/uploads\/2023\/03\/YannVallet2-1-256x300.jpg 256w\" ><\/figure>\n\n\n\n<blockquote class=\"wp-block-quote is-layout-flow wp-block-quote-is-layout-flow\">\n<h4 id=\"je-suis-tres-reconnaissant-de-pouvoir-compter-sur-lexpertise-de-lequipe-darchethic-qui-maccompagne-dans-la-mise-en-oeuvre-de-mon-projet-nous-avons-cree-un-projet-ambitieux\" class=\"wp-block-heading\">Je suis tr\u00e8s reconnaissant de pouvoir compter sur l&#8217;expertise de l&#8217;\u00e9quipe d&#8217;Archethic qui m&#8217;accompagne dans la mise en \u0153uvre de mon projet. <br><br>Nous avons cr\u00e9\u00e9 un projet ambitieux pour construire un monde plus vertueux et je suis convaincu que, gr\u00e2ce \u00e0 leur aide, nous pouvons y arriver.<br><br>Nous exp\u00e9rimentons IO-ISLAND sur Bora Bora avant de r\u00e9pliquer ce mod\u00e8le \u00e0 travers le monde : les \u00eeles, les grandes villes, ou tout autre \u00e9cosyst\u00e8me \u00e0 prot\u00e9ger. <br>Nous sommes impatients de voir l\u2019impact positif de ce projet sur les \u00e9cosyst\u00e8mes naturels de l\u2019\u00eele.<br><br>Gr\u00e2ce \u00e0 l&#8217;accompagnement engag\u00e9 de Keinata, nous pourrons unir l&#8217;ensemble des communaut\u00e9s et cr\u00e9er des synergies pour faire de ce projet une r\u00e9ussite.<\/h4>\n\n\n\n<h4 id=\"notre-programme-io-vanille-en-experimentation-avec-vanillart-sur-lile-maurice-permettra-egalement-de-repliquer-le-modele-a-dautres-produits-phares-tels-que-le-the-le-cacao\" class=\"wp-block-heading\"><br>Notre programme IO-VANILLE, en exp\u00e9rimentation avec <a rel=\"noreferrer noopener\" href=\"https:\/\/vanillart.store\/\" data-type=\"URL\" data-id=\"https:\/\/vanillart.store\/\" target=\"_blank\">Vanill\u2019Art <\/a>sur l&#8217;\u00eele Maurice, permettra \u00e9galement de r\u00e9pliquer le mod\u00e8le \u00e0 d\u2019autres produits phares tels que le th\u00e9, le cacao, le caf\u00e9 ou le bois de rose. <br>Gr\u00e2ce \u00e0 notre application en cours de d\u00e9veloppement, nous pourrons mettre en valeur le travail des vanilliculteurs et les accompagner dans l\u2019obtention de la certification FSSC 22000, un rep\u00e8re important pour les consommateurs et les industriels du monde entier.<br><br><br>L\u2019objectif de IO-EKO, en tant que laboratoire GreenTech du futur, est de devenir le leader international de la protection des \u00e9cosyst\u00e8mes naturels.<br><br>Nos utilisateurs seront r\u00e9compens\u00e9s pour les actions de protection des \u00e9cosyst\u00e8mes naturels, cr\u00e9ant ainsi le premier projet PROTECT-TO-EARN de l\u2019industrie crypto\u2026<br><br><br>Nous sommes pr\u00eats \u00e0 relever ce d\u00e9fi pour un avenir plus vertueux.&#8221;<\/h4>\n\n\n\n<h3 id=\"sebastien-dupont-co-fondateur-darchethic-technologies-commente\" class=\"wp-block-heading\">S\u00e9bastien DUPONT, co-fondateur d\u2019ARCHETHIC TECHNOLOGIES commente <\/h3>\n<\/blockquote>\n\n\n\n<figure class=\"wp-block-image size-full is-resized\"><img  loading=\"lazy\"  decoding=\"async\"  src=\"data:image\/png;base64,iVBORw0KGgoAAAANSUhEUgAAAAEAAAABAQMAAAAl21bKAAAAA1BMVEUAAP+KeNJXAAAAAXRSTlMAQObYZgAAAAlwSFlzAAAOxAAADsQBlSsOGwAAAApJREFUCNdjYAAAAAIAAeIhvDMAAAAASUVORK5CYII=\"  alt=\"\"  class=\"wp-image-4721 pk-lazyload\"  width=\"134\"  height=\"200\"  data-pk-sizes=\"auto\"  data-ls-sizes=\"auto, (max-width: 134px) 100vw, 134px\"  data-pk-src=\"https:\/\/news.io-eko.com\/wp-content\/uploads\/2023\/03\/s.dupontCEOUniris.jpg\"  data-pk-srcset=\"https:\/\/news.io-eko.com\/wp-content\/uploads\/2023\/03\/s.dupontCEOUniris.jpg 1311w, https:\/\/news.io-eko.com\/wp-content\/uploads\/2023\/03\/s.dupontCEOUniris-1000x1500.jpg 1000w, https:\/\/news.io-eko.com\/wp-content\/uploads\/2023\/03\/s.dupontCEOUniris-200x300.jpg 200w, https:\/\/news.io-eko.com\/wp-content\/uploads\/2023\/03\/s.dupontCEOUniris-768x1152.jpg 768w, https:\/\/news.io-eko.com\/wp-content\/uploads\/2023\/03\/s.dupontCEOUniris-1024x1536.jpg 1024w, https:\/\/news.io-eko.com\/wp-content\/uploads\/2023\/03\/s.dupontCEOUniris-380x570.jpg 380w, https:\/\/news.io-eko.com\/wp-content\/uploads\/2023\/03\/s.dupontCEOUniris-800x1200.jpg 800w, https:\/\/news.io-eko.com\/wp-content\/uploads\/2023\/03\/s.dupontCEOUniris-1160x1740.jpg 1160w, https:\/\/news.io-eko.com\/wp-content\/uploads\/2023\/03\/s.dupontCEOUniris-760x1140.jpg 760w, https:\/\/news.io-eko.com\/wp-content\/uploads\/2023\/03\/s.dupontCEOUniris-400x600.jpg 400w\" ><\/figure>\n\n\n\n<blockquote class=\"wp-block-quote is-layout-flow wp-block-quote-is-layout-flow\">\n<h4 id=\"nous-travaillons-a-la-creation-dun-ecosysteme-respectueux-et-durable-et-nous-sommes-particulierement-heureux-que-des-projets-aussi-ambitieux-utilisent-notre-blockchain-pour-se-developper-822\" class=\"wp-block-heading\">Nous travaillons \u00e0 la cr\u00e9ation d&#8217;un \u00e9cosyst\u00e8me respectueux et durable, et nous sommes particuli\u00e8rement heureux que des projets aussi ambitieux utilisent notre blockchain pour se d\u00e9velopper.&#8221;<\/h4>\n<\/blockquote>\n\n\n\n<p><\/p>\n\n\n\n<hr class=\"wp-block-separator has-alpha-channel-opacity is-style-wide\"\/>\n\n\n\n<p><\/p>\n\n\n\n<h2 id=\"visitez-le-site-de-notre-concept-io-island\" class=\"wp-block-heading\">Visitez le site de notre concept IO-ISLAND<\/h2>\n\n\n\n<hr class=\"wp-block-separator has-alpha-channel-opacity\"\/>\n\n\n\n<figure class=\"wp-block-image size-full\"><a href=\"https:\/\/io-island.com\" target=\"_blank\" rel=\"noreferrer noopener\"><img  loading=\"lazy\"  decoding=\"async\"  width=\"2388\"  height=\"922\"  src=\"data:image\/png;base64,iVBORw0KGgoAAAANSUhEUgAAAAEAAAABAQMAAAAl21bKAAAAA1BMVEUAAP+KeNJXAAAAAXRSTlMAQObYZgAAAAlwSFlzAAAOxAAADsQBlSsOGwAAAApJREFUCNdjYAAAAAIAAeIhvDMAAAAASUVORK5CYII=\"  alt=\"\"  class=\"wp-image-4742 pk-lazyload\"  data-pk-sizes=\"auto\"  data-ls-sizes=\"auto, (max-width: 2388px) 100vw, 2388px\"  data-pk-src=\"https:\/\/news.io-eko.com\/wp-content\/uploads\/2023\/03\/FondIOiSLAND.png\"  data-pk-srcset=\"https:\/\/news.io-eko.com\/wp-content\/uploads\/2023\/03\/FondIOiSLAND.png 2388w, https:\/\/news.io-eko.com\/wp-content\/uploads\/2023\/03\/FondIOiSLAND-1500x579.png 1500w, https:\/\/news.io-eko.com\/wp-content\/uploads\/2023\/03\/FondIOiSLAND-300x116.png 300w, https:\/\/news.io-eko.com\/wp-content\/uploads\/2023\/03\/FondIOiSLAND-768x297.png 768w, https:\/\/news.io-eko.com\/wp-content\/uploads\/2023\/03\/FondIOiSLAND-1536x593.png 1536w, https:\/\/news.io-eko.com\/wp-content\/uploads\/2023\/03\/FondIOiSLAND-2048x791.png 2048w, https:\/\/news.io-eko.com\/wp-content\/uploads\/2023\/03\/FondIOiSLAND-380x147.png 380w, https:\/\/news.io-eko.com\/wp-content\/uploads\/2023\/03\/FondIOiSLAND-800x309.png 800w, https:\/\/news.io-eko.com\/wp-content\/uploads\/2023\/03\/FondIOiSLAND-1160x448.png 1160w, https:\/\/news.io-eko.com\/wp-content\/uploads\/2023\/03\/FondIOiSLAND-760x293.png 760w, https:\/\/news.io-eko.com\/wp-content\/uploads\/2023\/03\/FondIOiSLAND-1600x618.png 1600w, https:\/\/news.io-eko.com\/wp-content\/uploads\/2023\/03\/FondIOiSLAND-2320x896.png 2320w, https:\/\/news.io-eko.com\/wp-content\/uploads\/2023\/03\/FondIOiSLAND-600x232.png 600w\" ><\/a><\/figure>\n\n\n\n<h5 id=\"equipe-io-eko-symbiow3-group\" class=\"wp-block-heading\">\u00c9quipe IO-EKO (<a rel=\"noreferrer noopener\" href=\"https:\/\/symbiow3.com\" target=\"_blank\">SYMBIOW3 GROUP<\/a>)<\/h5>\n","protected":false},"excerpt":{"rendered":"Une \u00eele durable et intelligente.\n","protected":false},"author":1,"featured_media":4448,"comment_status":"open","ping_status":"open","sticky":false,"template":"","format":"gallery","meta":{"csco_singular_sidebar":"default","csco_page_header_type":"full","csco_page_load_nextpost":"default","csco_post_video_location":[],"csco_post_video_url":"","csco_post_video_bg_start_time":0,"csco_post_video_bg_end_time":0,"footnotes":""},"categories":[31],"tags":[],"class_list":{"0":"post-4648","1":"post","2":"type-post","3":"status-publish","4":"format-gallery","5":"has-post-thumbnail","7":"category-a-la-une","8":"post_format-post-format-gallery","9":"cs-entry","10":"cs-video-wrap"},"jetpack_featured_media_url":"https:\/\/news.io-eko.com\/wp-content\/uploads\/2022\/10\/AdobeStock_223517310.jpeg","_links":{"self":[{"href":"https:\/\/news.io-eko.com\/index.php\/wp-json\/wp\/v2\/posts\/4648","targetHints":{"allow":["GET"]}}],"collection":[{"href":"https:\/\/news.io-eko.com\/index.php\/wp-json\/wp\/v2\/posts"}],"about":[{"href":"https:\/\/news.io-eko.com\/index.php\/wp-json\/wp\/v2\/types\/post"}],"author":[{"embeddable":true,"href":"https:\/\/news.io-eko.com\/index.php\/wp-json\/wp\/v2\/users\/1"}],"replies":[{"embeddable":true,"href":"https:\/\/news.io-eko.com\/index.php\/wp-json\/wp\/v2\/comments?post=4648"}],"version-history":[{"count":58,"href":"https:\/\/news.io-eko.com\/index.php\/wp-json\/wp\/v2\/posts\/4648\/revisions"}],"predecessor-version":[{"id":4759,"href":"https:\/\/news.io-eko.com\/index.php\/wp-json\/wp\/v2\/posts\/4648\/revisions\/4759"}],"wp:featuredmedia":[{"embeddable":true,"href":"https:\/\/news.io-eko.com\/index.php\/wp-json\/wp\/v2\/media\/4448"}],"wp:attachment":[{"href":"https:\/\/news.io-eko.com\/index.php\/wp-json\/wp\/v2\/media?parent=4648"}],"wp:term":[{"taxonomy":"category","embeddable":true,"href":"https:\/\/news.io-eko.com\/index.php\/wp-json\/wp\/v2\/categories?post=4648"},{"taxonomy":"post_tag","embeddable":true,"href":"https:\/\/news.io-eko.com\/index.php\/wp-json\/wp\/v2\/tags?post=4648"}],"curies":[{"name":"wp","href":"https:\/\/api.w.org\/{rel}","templated":true}]}}